{"id":1087,"date":"2025-07-13T10:55:51","date_gmt":"2025-07-13T08:55:51","guid":{"rendered":"https:\/\/backtothenet.com\/?p=1087"},"modified":"2025-08-16T20:15:11","modified_gmt":"2025-08-16T18:15:11","slug":"cotif-la-fabrica-de-estrellas-el-torneo-que-vio-nacer-a-cracks-del-futbol-mundialpalabras-clave-para-seo-torneo-cotif-lalcudia-futbol-juvenil-internacional-promesas-del-futbol-torneo-sub-20","status":"publish","type":"post","link":"https:\/\/backtothenet.com\/index.php\/2025\/07\/13\/cotif-la-fabrica-de-estrellas-el-torneo-que-vio-nacer-a-cracks-del-futbol-mundialpalabras-clave-para-seo-torneo-cotif-lalcudia-futbol-juvenil-internacional-promesas-del-futbol-torneo-sub-20\/","title":{"rendered":"COTIF, la f\u00e1brica de estrellas: el torneo que vio nacer a cracks del f\u00fatbol mundial"},"content":{"rendered":"\n\n<div class=\"kk-star-ratings kksr-auto kksr-align-left kksr-valign-top\"\n    data-payload='{&quot;align&quot;:&quot;left&quot;,&quot;id&quot;:&quot;1087&quot;,&quot;slug&quot;:&quot;default&quot;,&quot;valign&quot;:&quot;top&quot;,&quot;ignore&quot;:&quot;&quot;,&quot;reference&quot;:&quot;auto&quot;,&quot;class&quot;:&quot;&quot;,&quot;count&quot;:&quot;0&quot;,&quot;legendonly&quot;:&quot;&quot;,&quot;readonly&quot;:&quot;&quot;,&quot;score&quot;:&quot;0&quot;,&quot;starsonly&quot;:&quot;&quot;,&quot;best&quot;:&quot;5&quot;,&quot;gap&quot;:&quot;5&quot;,&quot;greet&quot;:&quot;Rate this post&quot;,&quot;legend&quot;:&quot;0\\\/5 - (0 votos)&quot;,&quot;size&quot;:&quot;24&quot;,&quot;title&quot;:&quot;COTIF, la f\u00e1brica de estrellas: el torneo que vio nacer a cracks del f\u00fatbol mundial&quot;,&quot;width&quot;:&quot;0&quot;,&quot;_legend&quot;:&quot;{score}\\\/{best} - ({count} {votes})&quot;,&quot;font_factor&quot;:&quot;1.25&quot;}'>\n            \n<div class=\"kksr-stars\">\n    \n<div class=\"kksr-stars-inactive\">\n            <div class=\"kksr-star\" data-star=\"1\" style=\"padding-right: 5px\">\n            \n\n<div class=\"kksr-icon\" style=\"width: 24px; height: 24px;\"><\/div>\n        <\/div>\n            <div class=\"kksr-star\" data-star=\"2\" style=\"padding-right: 5px\">\n            \n\n<div class=\"kksr-icon\" style=\"width: 24px; height: 24px;\"><\/div>\n        <\/div>\n            <div class=\"kksr-star\" data-star=\"3\" style=\"padding-right: 5px\">\n            \n\n<div class=\"kksr-icon\" style=\"width: 24px; height: 24px;\"><\/div>\n        <\/div>\n            <div class=\"kksr-star\" data-star=\"4\" style=\"padding-right: 5px\">\n            \n\n<div class=\"kksr-icon\" style=\"width: 24px; height: 24px;\"><\/div>\n        <\/div>\n            <div class=\"kksr-star\" data-star=\"5\" style=\"padding-right: 5px\">\n            \n\n<div class=\"kksr-icon\" style=\"width: 24px; height: 24px;\"><\/div>\n        <\/div>\n    <\/div>\n    \n<div class=\"kksr-stars-active\" style=\"width: 0px;\">\n            <div class=\"kksr-star\" style=\"padding-right: 5px\">\n            \n\n<div class=\"kksr-icon\" style=\"width: 24px; height: 24px;\"><\/div>\n        <\/div>\n            <div class=\"kksr-star\" style=\"padding-right: 5px\">\n            \n\n<div class=\"kksr-icon\" style=\"width: 24px; height: 24px;\"><\/div>\n        <\/div>\n            <div class=\"kksr-star\" style=\"padding-right: 5px\">\n            \n\n<div class=\"kksr-icon\" style=\"width: 24px; height: 24px;\"><\/div>\n        <\/div>\n            <div class=\"kksr-star\" style=\"padding-right: 5px\">\n            \n\n<div class=\"kksr-icon\" style=\"width: 24px; height: 24px;\"><\/div>\n        <\/div>\n            <div class=\"kksr-star\" style=\"padding-right: 5px\">\n            \n\n<div class=\"kksr-icon\" style=\"width: 24px; height: 24px;\"><\/div>\n        <\/div>\n    <\/div>\n<\/div>\n                \n\n<div class=\"kksr-legend\" style=\"font-size: 19.2px;\">\n            <span class=\"kksr-muted\">Rate this post<\/span>\n    <\/div>\n    <\/div>\n\n<p>Cada verano, bajo el calor del sur de Valencia, se juega uno de los torneos m\u00e1s influyentes \u2014 y menos medi\u00e1ticos \u2014 del calendario futbol\u00edstico juvenil: el COTIF (Torneo Internacional de L&#8217;Alc\u00fadia). Desde su creaci\u00f3n en 1984, ha sido un aut\u00e9ntico laboratorio de talento, donde futuras estrellas dan sus primeros pasos bajo la atenta mirada de ojeadores, entrenadores y medios especializados. Y aunque no se disputa en los focos de Wembley o el Maracan\u00e1, quienes brillan en L\u2019Alc\u00fadia suelen terminar, tarde o temprano, en esos escenarios.<\/p>\n\n\n\n<h2 class=\"wp-block-heading\">Un torneo que va m\u00e1s all\u00e1 del resultado<\/h2>\n\n\n\n<p>A diferencia de los campeonatos oficiales de FIFA o UEFA, el COTIF es un torneo amistoso internacional, pero con un nivel competitivo alt\u00edsimo. Aqu\u00ed se mezclan selecciones nacionales sub-20 (y a veces sub-18), equipos de clubes juveniles que sorprenden a\u00f1o tras a\u00f1o.<\/p>\n\n\n\n<p>El formato es directo: <strong>fase de grupos, semifinales y final. <\/strong>Pero lo que importa no es solo ganar, sino mostrarse. Los jugadores llegan con hambre de minutos, de escaparate y, sobre todo, de contrato.<\/p>\n\n\n\n<h2 class=\"wp-block-heading\">\u00bfQu\u00e9 selecciones han pasado por L\u2019Alc\u00fadia?<\/h2>\n\n\n\n<p><strong>Han pasado potencias del f\u00fatbol como:<\/strong><\/p>\n\n\n\n<p><strong>Argentina <\/strong>(campeona en varias ediciones)<\/p>\n\n\n\n<p><strong>Brasil<\/strong>, que ha tra\u00eddo generaciones doradas<\/p>\n\n\n\n<p><strong>Uruguay<\/strong>, con su habitual garra charr\u00faa<\/p>\n\n\n\n<p><strong>Espa\u00f1a<\/strong>, con sus joyas de cantera<\/p>\n\n\n\n<p><strong>Marruecos<\/strong>, una de las fijas en los \u00faltimos a\u00f1os<\/p>\n\n\n\n<p><strong>Arabia Saud\u00ed <\/strong>o <strong>Qatar<\/strong>, que aprovechan para medirse a estilos distintos<\/p>\n\n\n\n<p>Tambi\u00e9n han venido selecciones africanas y asi\u00e1ticas que aprovechan el torneo como paso clave en su desarrollo de \u00e9lite.<\/p>\n\n\n\n<h2 class=\"wp-block-heading\">Clubes invitados: donde todo puede pasar<\/h2>\n\n\n\n<p>Adem\u00e1s de selecciones nacionales, tambi\u00e9n participan clubes filiales, normalmente de la comunidad valenciana. En los \u00faltimos a\u00f1os hemos visto a:<\/p>\n\n\n\n<p><strong>Villarreal<\/strong><\/p>\n\n\n\n<p><strong>Valencia CF<\/strong><\/p>\n\n\n\n<p><strong>Levante UD<\/strong><\/p>\n\n\n\n<p><strong>UD Alzira <\/strong>como anfitri\u00f3n<\/p>\n\n\n\n<p><strong>Y equipos de M\u00e9xico, Rusia, Marruecos o Qatar<\/strong><\/p>\n\n\n\n<p>Esto genera un cruce de estilos fascinante: selecciones con juego elaborado contra filiales.<\/p>\n\n\n\n<h2 class=\"wp-block-heading\">\u00bfQui\u00e9nes salieron del COTIF?<\/h2>\n\n\n\n<p>Es probable que hayas visto a muchos de estos jugadores\u2026 pero no sab\u00edas que pasaron por aqu\u00ed:<\/p>\n\n\n\n<p><strong>Desde Brasil: Dani Alves y Caf\u00fa<\/strong>, dos laterales hist\u00f3ricos que hicieron su paso por L\u00b4Alcudia en su juventud.<\/p>\n\n\n\n<p>El <strong>Real Madrid<\/strong> trajo grandes jugadores de \u00ab La Fabrica Blanca\u00b4\u00b4: <strong>Ra\u00fal y Casillas<\/strong> como m\u00e1ximas estrellas.<\/p>\n\n\n\n<p>Desde las <strong>selecciones nacionales de Am\u00e9rica:<\/strong> <strong>M\u00e9xico<\/strong>, El legendario central, <strong>Rafa M\u00e1rquez<\/strong>. De <strong>Argentina<\/strong>, el m\u00e1s reciente, <strong>Lautaro Mart\u00ednez<\/strong>. Desde <strong>Colombia<\/strong>, el h\u00e9roe de Brasil 2014, <strong>James Rodr\u00edguez<\/strong>. Y desde los <strong>Estados Unidos <\/strong>de Am\u00e9rica, <strong>Dempsey<\/strong>.<\/p>\n\n\n\n<p>En el cuadro <strong>femenino <\/strong>han jugado jugadoras como <strong>Alexia Putellas<\/strong>, jugadora del Barcelona.<\/p>\n\n\n\n<p>El que tambi\u00e9n debut\u00f3 con el <strong>Barcelona <\/strong>fue <strong>Marc Cucurella.<\/strong><\/p>\n\n\n\n<p><strong>Y la lista sigue creciendo con cada edici\u00f3n.<\/strong><\/p>\n\n\n\n<h2 class=\"wp-block-heading\">L&#8217;Alc\u00fadia: una ciudad que respira f\u00fatbol<\/h2>\n\n\n\n<p>El COTIF se disputa en el Estadio Els Arcs, que durante diez d\u00edas se convierte en un peque\u00f1o templo futbolero. La afici\u00f3n local es fiel, apasionada y conoce el valor de lo que ve. Las gradas mezclan familias, scouts de clubes europeos y medios que saben que, en este torneo, el hype est\u00e1 justificado.<\/p>\n\n\n\n<p>El ambiente nocturno, el calor veraniego y el c\u00e9sped iluminado generan una atm\u00f3sfera especial que muchos jugadores recuerdan con cari\u00f1o a\u00f1os despu\u00e9s.<\/p>\n\n\n\n<h2 class=\"wp-block-heading\">\u00bfPor qu\u00e9 es tan importante el COTIF?<\/h2>\n\n\n\n<p><strong>1. Escaparate global: <\/strong>ojeadores de clubes de LaLiga, Premier o Serie A acuden cada a\u00f1o.<\/p>\n\n\n\n<p><strong>2. Diversidad de estilos:<\/strong> se enfrentan selecciones africanas, equipos sudamericanos y clubes europeos.<\/p>\n\n\n\n<p><strong>3. Preparaci\u00f3n real:<\/strong> sirve de term\u00f3metro para Mundiales sub-20 o Juegos Ol\u00edmpicos.<\/p>\n\n\n\n<p><strong>4. Reputaci\u00f3n ganada:<\/strong> no es un torneo menor, es donde los cracks se hacen visibles antes de explotar.&#8212;<\/p>\n\n\n\n<h2 class=\"wp-block-heading\">\u00bfQu\u00e9 esperar de la edici\u00f3n actual?<\/h2>\n\n\n\n<h2 class=\"wp-block-heading\">Equipos Masculinos<\/h2>\n\n\n\n<p><strong>Selecciones Nacionales:<\/strong><\/p>\n\n\n\n<p><strong>Mauritania, Venezuela, Arabia Saud\u00ed, Argentina y Chile.<\/strong><\/p>\n\n\n\n<p><strong>Juveniles:<\/strong><\/p>\n\n\n\n<p><strong>Alboraya UD, Valencia CF y Brasil ADH ( Una academia de formaci\u00f3n brasile\u00f1a)<\/strong><\/p>\n\n\n\n<p id=\"block-e2dd8266-eddd-41f7-bb0e-2c76c7d5fb1a\">En esta edici\u00f3n, n\u00famero 41, hay muchos m\u00e1s equipos nacionales que de clubes, tiene sentido sabiendo que en septiembre tenemos la <strong>Copa Mundial Sub-20<\/strong>, que cubriremos en backtothenet.com, muchos equipos como: <strong>Arabia Saud\u00ed, Argentina o la anfitriona, Chile. Probar\u00e1n sus planteles mundialistas en L\u00b4Alcudia.<\/strong><\/p>\n\n\n\n<h2 class=\"wp-block-heading\">Conclusi\u00f3n:<\/h2>\n\n\n\n<p>El COTIF, mucho m\u00e1s que un torneo sub-20. Hablar del COTIF es hablar de futuro. De ese momento en el que un chaval se juega su primera gran oportunidad ante el mundo. De entrenadores que ajustan sistemas con la mirada en el largo plazo. De selecciones que prueban antes de las grandes citas.<\/p>\n\n\n\n<p>Es hablar del amor por el f\u00fatbol base, del calor valenciano y del talento puro. Y sobre todo, de un torneo que quiz\u00e1 no todos conocen, pero que todos los grandes respetan. Porque si quieres saber qui\u00e9n ser\u00e1 el pr\u00f3ximo crack&#8230; es probable que este verano est\u00e9 jugando en L\u2019Alc\u00fadia<\/p>\n\n\n\n<p><\/p>\n","protected":false},"excerpt":{"rendered":"<p>Cada verano, bajo el calor del sur de Valencia, se juega uno de los torneos m\u00e1s influyentes \u2014 y menos&hellip;<\/p>\n","protected":false},"author":1,"featured_media":1092,"comment_status":"open","ping_status":"open","sticky":false,"template":"","format":"standard","meta":{"footnotes":""},"categories":[1,3,8],"tags":[],"class_list":["post-1087","post","type-post","status-publish","format-standard","has-post-thumbnail","hentry","category-futbol","category-rising-stars","category-selecciones"],"yoast_head":"<!-- This site is optimized with the Yoast SEO plugin v26.0 - https:\/\/yoast.com\/wordpress\/plugins\/seo\/ -->\n<title>COTIF, la f\u00e1brica de estrellas: el torneo que vio nacer a cracks del f\u00fatbol mundial -<\/title>\n<meta name=\"robots\" content=\"index, follow, max-snippet:-1, max-image-preview:large, max-video-preview:-1\" \/>\n<link rel=\"canonical\" href=\"https:\/\/backtothenet.com\/index.php\/2025\/07\/13\/cotif-la-fabrica-de-estrellas-el-torneo-que-vio-nacer-a-cracks-del-futbol-mundialpalabras-clave-para-seo-torneo-cotif-lalcudia-futbol-juvenil-internacional-promesas-del-futbol-torneo-sub-20\/\" \/>\n<meta property=\"og:locale\" content=\"es_ES\" \/>\n<meta property=\"og:type\" content=\"article\" \/>\n<meta property=\"og:title\" content=\"COTIF, la f\u00e1brica de estrellas: el torneo que vio nacer a cracks del f\u00fatbol mundial -\" \/>\n<meta property=\"og:description\" content=\"Cada verano, bajo el calor del sur de Valencia, se juega uno de los torneos m\u00e1s influyentes \u2014 y menos&hellip;\" \/>\n<meta property=\"og:url\" content=\"https:\/\/backtothenet.com\/index.php\/2025\/07\/13\/cotif-la-fabrica-de-estrellas-el-torneo-que-vio-nacer-a-cracks-del-futbol-mundialpalabras-clave-para-seo-torneo-cotif-lalcudia-futbol-juvenil-internacional-promesas-del-futbol-torneo-sub-20\/\" \/>\n<meta property=\"article:published_time\" content=\"2025-07-13T08:55:51+00:00\" \/>\n<meta property=\"article:modified_time\" content=\"2025-08-16T18:15:11+00:00\" \/>\n<meta property=\"og:image\" content=\"https:\/\/backtothenet.com\/wp-content\/uploads\/2025\/07\/El-COTIF-no-se-disputara-en-2020-por-el-Coronavirus-scaled.jpg\" \/>\n\t<meta property=\"og:image:width\" content=\"2560\" \/>\n\t<meta property=\"og:image:height\" content=\"1706\" \/>\n\t<meta property=\"og:image:type\" content=\"image\/jpeg\" \/>\n<meta name=\"author\" content=\"backtothenet.com\" \/>\n<meta name=\"twitter:card\" content=\"summary_large_image\" \/>\n<meta name=\"twitter:label1\" content=\"Escrito por\" \/>\n\t<meta name=\"twitter:data1\" content=\"backtothenet.com\" \/>\n\t<meta name=\"twitter:label2\" content=\"Tiempo de lectura\" \/>\n\t<meta name=\"twitter:data2\" content=\"4 minutos\" \/>\n<script type=\"application\/ld+json\" class=\"yoast-schema-graph\">{\"@context\":\"https:\/\/schema.org\",\"@graph\":[{\"@type\":\"Article\",\"@id\":\"https:\/\/backtothenet.com\/index.php\/2025\/07\/13\/cotif-la-fabrica-de-estrellas-el-torneo-que-vio-nacer-a-cracks-del-futbol-mundialpalabras-clave-para-seo-torneo-cotif-lalcudia-futbol-juvenil-internacional-promesas-del-futbol-torneo-sub-20\/#article\",\"isPartOf\":{\"@id\":\"https:\/\/backtothenet.com\/index.php\/2025\/07\/13\/cotif-la-fabrica-de-estrellas-el-torneo-que-vio-nacer-a-cracks-del-futbol-mundialpalabras-clave-para-seo-torneo-cotif-lalcudia-futbol-juvenil-internacional-promesas-del-futbol-torneo-sub-20\/\"},\"author\":{\"name\":\"backtothenet.com\",\"@id\":\"https:\/\/backtothenet.com\/#\/schema\/person\/0e3c6af349189ff7499496ac61bd2273\"},\"headline\":\"COTIF, la f\u00e1brica de estrellas: el torneo que vio nacer a cracks del f\u00fatbol mundial\",\"datePublished\":\"2025-07-13T08:55:51+00:00\",\"dateModified\":\"2025-08-16T18:15:11+00:00\",\"mainEntityOfPage\":{\"@id\":\"https:\/\/backtothenet.com\/index.php\/2025\/07\/13\/cotif-la-fabrica-de-estrellas-el-torneo-que-vio-nacer-a-cracks-del-futbol-mundialpalabras-clave-para-seo-torneo-cotif-lalcudia-futbol-juvenil-internacional-promesas-del-futbol-torneo-sub-20\/\"},\"wordCount\":831,\"commentCount\":0,\"publisher\":{\"@id\":\"https:\/\/backtothenet.com\/#organization\"},\"image\":{\"@id\":\"https:\/\/backtothenet.com\/index.php\/2025\/07\/13\/cotif-la-fabrica-de-estrellas-el-torneo-que-vio-nacer-a-cracks-del-futbol-mundialpalabras-clave-para-seo-torneo-cotif-lalcudia-futbol-juvenil-internacional-promesas-del-futbol-torneo-sub-20\/#primaryimage\"},\"thumbnailUrl\":\"https:\/\/backtothenet.com\/wp-content\/uploads\/2025\/07\/El-COTIF-no-se-disputara-en-2020-por-el-Coronavirus-scaled.jpg\",\"articleSection\":[\"F\u00fatbol\",\"Rising Stars\",\"Selecciones\"],\"inLanguage\":\"es\",\"potentialAction\":[{\"@type\":\"CommentAction\",\"name\":\"Comment\",\"target\":[\"https:\/\/backtothenet.com\/index.php\/2025\/07\/13\/cotif-la-fabrica-de-estrellas-el-torneo-que-vio-nacer-a-cracks-del-futbol-mundialpalabras-clave-para-seo-torneo-cotif-lalcudia-futbol-juvenil-internacional-promesas-del-futbol-torneo-sub-20\/#respond\"]}]},{\"@type\":\"WebPage\",\"@id\":\"https:\/\/backtothenet.com\/index.php\/2025\/07\/13\/cotif-la-fabrica-de-estrellas-el-torneo-que-vio-nacer-a-cracks-del-futbol-mundialpalabras-clave-para-seo-torneo-cotif-lalcudia-futbol-juvenil-internacional-promesas-del-futbol-torneo-sub-20\/\",\"url\":\"https:\/\/backtothenet.com\/index.php\/2025\/07\/13\/cotif-la-fabrica-de-estrellas-el-torneo-que-vio-nacer-a-cracks-del-futbol-mundialpalabras-clave-para-seo-torneo-cotif-lalcudia-futbol-juvenil-internacional-promesas-del-futbol-torneo-sub-20\/\",\"name\":\"COTIF, la f\u00e1brica de estrellas: el torneo que vio nacer a cracks del f\u00fatbol mundial -\",\"isPartOf\":{\"@id\":\"https:\/\/backtothenet.com\/#website\"},\"primaryImageOfPage\":{\"@id\":\"https:\/\/backtothenet.com\/index.php\/2025\/07\/13\/cotif-la-fabrica-de-estrellas-el-torneo-que-vio-nacer-a-cracks-del-futbol-mundialpalabras-clave-para-seo-torneo-cotif-lalcudia-futbol-juvenil-internacional-promesas-del-futbol-torneo-sub-20\/#primaryimage\"},\"image\":{\"@id\":\"https:\/\/backtothenet.com\/index.php\/2025\/07\/13\/cotif-la-fabrica-de-estrellas-el-torneo-que-vio-nacer-a-cracks-del-futbol-mundialpalabras-clave-para-seo-torneo-cotif-lalcudia-futbol-juvenil-internacional-promesas-del-futbol-torneo-sub-20\/#primaryimage\"},\"thumbnailUrl\":\"https:\/\/backtothenet.com\/wp-content\/uploads\/2025\/07\/El-COTIF-no-se-disputara-en-2020-por-el-Coronavirus-scaled.jpg\",\"datePublished\":\"2025-07-13T08:55:51+00:00\",\"dateModified\":\"2025-08-16T18:15:11+00:00\",\"breadcrumb\":{\"@id\":\"https:\/\/backtothenet.com\/index.php\/2025\/07\/13\/cotif-la-fabrica-de-estrellas-el-torneo-que-vio-nacer-a-cracks-del-futbol-mundialpalabras-clave-para-seo-torneo-cotif-lalcudia-futbol-juvenil-internacional-promesas-del-futbol-torneo-sub-20\/#breadcrumb\"},\"inLanguage\":\"es\",\"potentialAction\":[{\"@type\":\"ReadAction\",\"target\":[\"https:\/\/backtothenet.com\/index.php\/2025\/07\/13\/cotif-la-fabrica-de-estrellas-el-torneo-que-vio-nacer-a-cracks-del-futbol-mundialpalabras-clave-para-seo-torneo-cotif-lalcudia-futbol-juvenil-internacional-promesas-del-futbol-torneo-sub-20\/\"]}]},{\"@type\":\"ImageObject\",\"inLanguage\":\"es\",\"@id\":\"https:\/\/backtothenet.com\/index.php\/2025\/07\/13\/cotif-la-fabrica-de-estrellas-el-torneo-que-vio-nacer-a-cracks-del-futbol-mundialpalabras-clave-para-seo-torneo-cotif-lalcudia-futbol-juvenil-internacional-promesas-del-futbol-torneo-sub-20\/#primaryimage\",\"url\":\"https:\/\/backtothenet.com\/wp-content\/uploads\/2025\/07\/El-COTIF-no-se-disputara-en-2020-por-el-Coronavirus-scaled.jpg\",\"contentUrl\":\"https:\/\/backtothenet.com\/wp-content\/uploads\/2025\/07\/El-COTIF-no-se-disputara-en-2020-por-el-Coronavirus-scaled.jpg\",\"width\":2560,\"height\":1706,\"caption\":\"(c) Cesar March\"},{\"@type\":\"BreadcrumbList\",\"@id\":\"https:\/\/backtothenet.com\/index.php\/2025\/07\/13\/cotif-la-fabrica-de-estrellas-el-torneo-que-vio-nacer-a-cracks-del-futbol-mundialpalabras-clave-para-seo-torneo-cotif-lalcudia-futbol-juvenil-internacional-promesas-del-futbol-torneo-sub-20\/#breadcrumb\",\"itemListElement\":[{\"@type\":\"ListItem\",\"position\":1,\"name\":\"Portada\",\"item\":\"https:\/\/backtothenet.com\/\"},{\"@type\":\"ListItem\",\"position\":2,\"name\":\"COTIF, la f\u00e1brica de estrellas: el torneo que vio nacer a cracks del f\u00fatbol mundial\"}]},{\"@type\":\"WebSite\",\"@id\":\"https:\/\/backtothenet.com\/#website\",\"url\":\"https:\/\/backtothenet.com\/\",\"name\":\"Back to the net\",\"description\":\"Back to the Net es un sitio web deportivo que ofrece noticias, an\u00e1lisis y entrevistas sobre f\u00fatbol y automovilismo, con un enfoque fresco y cercano desde la perspectiva de la grada.\",\"publisher\":{\"@id\":\"https:\/\/backtothenet.com\/#organization\"},\"potentialAction\":[{\"@type\":\"SearchAction\",\"target\":{\"@type\":\"EntryPoint\",\"urlTemplate\":\"https:\/\/backtothenet.com\/?s={search_term_string}\"},\"query-input\":{\"@type\":\"PropertyValueSpecification\",\"valueRequired\":true,\"valueName\":\"search_term_string\"}}],\"inLanguage\":\"es\"},{\"@type\":\"Organization\",\"@id\":\"https:\/\/backtothenet.com\/#organization\",\"name\":\"Back to the net\",\"url\":\"https:\/\/backtothenet.com\/\",\"logo\":{\"@type\":\"ImageObject\",\"inLanguage\":\"es\",\"@id\":\"https:\/\/backtothenet.com\/#\/schema\/logo\/image\/\",\"url\":\"https:\/\/backtothenet.com\/wp-content\/uploads\/2023\/11\/085FEDB6-C582-424B-B077-5DC7FEF37A07.png\",\"contentUrl\":\"https:\/\/backtothenet.com\/wp-content\/uploads\/2023\/11\/085FEDB6-C582-424B-B077-5DC7FEF37A07.png\",\"width\":823,\"height\":303,\"caption\":\"Back to the net\"},\"image\":{\"@id\":\"https:\/\/backtothenet.com\/#\/schema\/logo\/image\/\"},\"sameAs\":[\"https:\/\/instagram.com\/backtothenet_\"]},{\"@type\":\"Person\",\"@id\":\"https:\/\/backtothenet.com\/#\/schema\/person\/0e3c6af349189ff7499496ac61bd2273\",\"name\":\"backtothenet.com\",\"image\":{\"@type\":\"ImageObject\",\"inLanguage\":\"es\",\"@id\":\"https:\/\/backtothenet.com\/#\/schema\/person\/image\/\",\"url\":\"https:\/\/secure.gravatar.com\/avatar\/92777103804f08c9b3637b39bc31ca5bdbdcce19244c5f04dcd7beea6a72dfbf?s=96&d=mm&r=g\",\"contentUrl\":\"https:\/\/secure.gravatar.com\/avatar\/92777103804f08c9b3637b39bc31ca5bdbdcce19244c5f04dcd7beea6a72dfbf?s=96&d=mm&r=g\",\"caption\":\"backtothenet.com\"},\"sameAs\":[\"http:\/\/backtothenet.com\"],\"url\":\"https:\/\/backtothenet.com\/index.php\/author\/backtothenet-com\/\"}]}<\/script>\n<!-- \/ Yoast SEO plugin. -->","yoast_head_json":{"title":"COTIF, la f\u00e1brica de estrellas: el torneo que vio nacer a cracks del f\u00fatbol mundial -","robots":{"index":"index","follow":"follow","max-snippet":"max-snippet:-1","max-image-preview":"max-image-preview:large","max-video-preview":"max-video-preview:-1"},"canonical":"https:\/\/backtothenet.com\/index.php\/2025\/07\/13\/cotif-la-fabrica-de-estrellas-el-torneo-que-vio-nacer-a-cracks-del-futbol-mundialpalabras-clave-para-seo-torneo-cotif-lalcudia-futbol-juvenil-internacional-promesas-del-futbol-torneo-sub-20\/","og_locale":"es_ES","og_type":"article","og_title":"COTIF, la f\u00e1brica de estrellas: el torneo que vio nacer a cracks del f\u00fatbol mundial -","og_description":"Cada verano, bajo el calor del sur de Valencia, se juega uno de los torneos m\u00e1s influyentes \u2014 y menos&hellip;","og_url":"https:\/\/backtothenet.com\/index.php\/2025\/07\/13\/cotif-la-fabrica-de-estrellas-el-torneo-que-vio-nacer-a-cracks-del-futbol-mundialpalabras-clave-para-seo-torneo-cotif-lalcudia-futbol-juvenil-internacional-promesas-del-futbol-torneo-sub-20\/","article_published_time":"2025-07-13T08:55:51+00:00","article_modified_time":"2025-08-16T18:15:11+00:00","og_image":[{"width":2560,"height":1706,"url":"https:\/\/backtothenet.com\/wp-content\/uploads\/2025\/07\/El-COTIF-no-se-disputara-en-2020-por-el-Coronavirus-scaled.jpg","type":"image\/jpeg"}],"author":"backtothenet.com","twitter_card":"summary_large_image","twitter_misc":{"Escrito por":"backtothenet.com","Tiempo de lectura":"4 minutos"},"schema":{"@context":"https:\/\/schema.org","@graph":[{"@type":"Article","@id":"https:\/\/backtothenet.com\/index.php\/2025\/07\/13\/cotif-la-fabrica-de-estrellas-el-torneo-que-vio-nacer-a-cracks-del-futbol-mundialpalabras-clave-para-seo-torneo-cotif-lalcudia-futbol-juvenil-internacional-promesas-del-futbol-torneo-sub-20\/#article","isPartOf":{"@id":"https:\/\/backtothenet.com\/index.php\/2025\/07\/13\/cotif-la-fabrica-de-estrellas-el-torneo-que-vio-nacer-a-cracks-del-futbol-mundialpalabras-clave-para-seo-torneo-cotif-lalcudia-futbol-juvenil-internacional-promesas-del-futbol-torneo-sub-20\/"},"author":{"name":"backtothenet.com","@id":"https:\/\/backtothenet.com\/#\/schema\/person\/0e3c6af349189ff7499496ac61bd2273"},"headline":"COTIF, la f\u00e1brica de estrellas: el torneo que vio nacer a cracks del f\u00fatbol mundial","datePublished":"2025-07-13T08:55:51+00:00","dateModified":"2025-08-16T18:15:11+00:00","mainEntityOfPage":{"@id":"https:\/\/backtothenet.com\/index.php\/2025\/07\/13\/cotif-la-fabrica-de-estrellas-el-torneo-que-vio-nacer-a-cracks-del-futbol-mundialpalabras-clave-para-seo-torneo-cotif-lalcudia-futbol-juvenil-internacional-promesas-del-futbol-torneo-sub-20\/"},"wordCount":831,"commentCount":0,"publisher":{"@id":"https:\/\/backtothenet.com\/#organization"},"image":{"@id":"https:\/\/backtothenet.com\/index.php\/2025\/07\/13\/cotif-la-fabrica-de-estrellas-el-torneo-que-vio-nacer-a-cracks-del-futbol-mundialpalabras-clave-para-seo-torneo-cotif-lalcudia-futbol-juvenil-internacional-promesas-del-futbol-torneo-sub-20\/#primaryimage"},"thumbnailUrl":"https:\/\/backtothenet.com\/wp-content\/uploads\/2025\/07\/El-COTIF-no-se-disputara-en-2020-por-el-Coronavirus-scaled.jpg","articleSection":["F\u00fatbol","Rising Stars","Selecciones"],"inLanguage":"es","potentialAction":[{"@type":"CommentAction","name":"Comment","target":["https:\/\/backtothenet.com\/index.php\/2025\/07\/13\/cotif-la-fabrica-de-estrellas-el-torneo-que-vio-nacer-a-cracks-del-futbol-mundialpalabras-clave-para-seo-torneo-cotif-lalcudia-futbol-juvenil-internacional-promesas-del-futbol-torneo-sub-20\/#respond"]}]},{"@type":"WebPage","@id":"https:\/\/backtothenet.com\/index.php\/2025\/07\/13\/cotif-la-fabrica-de-estrellas-el-torneo-que-vio-nacer-a-cracks-del-futbol-mundialpalabras-clave-para-seo-torneo-cotif-lalcudia-futbol-juvenil-internacional-promesas-del-futbol-torneo-sub-20\/","url":"https:\/\/backtothenet.com\/index.php\/2025\/07\/13\/cotif-la-fabrica-de-estrellas-el-torneo-que-vio-nacer-a-cracks-del-futbol-mundialpalabras-clave-para-seo-torneo-cotif-lalcudia-futbol-juvenil-internacional-promesas-del-futbol-torneo-sub-20\/","name":"COTIF, la f\u00e1brica de estrellas: el torneo que vio nacer a cracks del f\u00fatbol mundial -","isPartOf":{"@id":"https:\/\/backtothenet.com\/#website"},"primaryImageOfPage":{"@id":"https:\/\/backtothenet.com\/index.php\/2025\/07\/13\/cotif-la-fabrica-de-estrellas-el-torneo-que-vio-nacer-a-cracks-del-futbol-mundialpalabras-clave-para-seo-torneo-cotif-lalcudia-futbol-juvenil-internacional-promesas-del-futbol-torneo-sub-20\/#primaryimage"},"image":{"@id":"https:\/\/backtothenet.com\/index.php\/2025\/07\/13\/cotif-la-fabrica-de-estrellas-el-torneo-que-vio-nacer-a-cracks-del-futbol-mundialpalabras-clave-para-seo-torneo-cotif-lalcudia-futbol-juvenil-internacional-promesas-del-futbol-torneo-sub-20\/#primaryimage"},"thumbnailUrl":"https:\/\/backtothenet.com\/wp-content\/uploads\/2025\/07\/El-COTIF-no-se-disputara-en-2020-por-el-Coronavirus-scaled.jpg","datePublished":"2025-07-13T08:55:51+00:00","dateModified":"2025-08-16T18:15:11+00:00","breadcrumb":{"@id":"https:\/\/backtothenet.com\/index.php\/2025\/07\/13\/cotif-la-fabrica-de-estrellas-el-torneo-que-vio-nacer-a-cracks-del-futbol-mundialpalabras-clave-para-seo-torneo-cotif-lalcudia-futbol-juvenil-internacional-promesas-del-futbol-torneo-sub-20\/#breadcrumb"},"inLanguage":"es","potentialAction":[{"@type":"ReadAction","target":["https:\/\/backtothenet.com\/index.php\/2025\/07\/13\/cotif-la-fabrica-de-estrellas-el-torneo-que-vio-nacer-a-cracks-del-futbol-mundialpalabras-clave-para-seo-torneo-cotif-lalcudia-futbol-juvenil-internacional-promesas-del-futbol-torneo-sub-20\/"]}]},{"@type":"ImageObject","inLanguage":"es","@id":"https:\/\/backtothenet.com\/index.php\/2025\/07\/13\/cotif-la-fabrica-de-estrellas-el-torneo-que-vio-nacer-a-cracks-del-futbol-mundialpalabras-clave-para-seo-torneo-cotif-lalcudia-futbol-juvenil-internacional-promesas-del-futbol-torneo-sub-20\/#primaryimage","url":"https:\/\/backtothenet.com\/wp-content\/uploads\/2025\/07\/El-COTIF-no-se-disputara-en-2020-por-el-Coronavirus-scaled.jpg","contentUrl":"https:\/\/backtothenet.com\/wp-content\/uploads\/2025\/07\/El-COTIF-no-se-disputara-en-2020-por-el-Coronavirus-scaled.jpg","width":2560,"height":1706,"caption":"(c) Cesar March"},{"@type":"BreadcrumbList","@id":"https:\/\/backtothenet.com\/index.php\/2025\/07\/13\/cotif-la-fabrica-de-estrellas-el-torneo-que-vio-nacer-a-cracks-del-futbol-mundialpalabras-clave-para-seo-torneo-cotif-lalcudia-futbol-juvenil-internacional-promesas-del-futbol-torneo-sub-20\/#breadcrumb","itemListElement":[{"@type":"ListItem","position":1,"name":"Portada","item":"https:\/\/backtothenet.com\/"},{"@type":"ListItem","position":2,"name":"COTIF, la f\u00e1brica de estrellas: el torneo que vio nacer a cracks del f\u00fatbol mundial"}]},{"@type":"WebSite","@id":"https:\/\/backtothenet.com\/#website","url":"https:\/\/backtothenet.com\/","name":"Back to the net","description":"Back to the Net es un sitio web deportivo que ofrece noticias, an\u00e1lisis y entrevistas sobre f\u00fatbol y automovilismo, con un enfoque fresco y cercano desde la perspectiva de la grada.","publisher":{"@id":"https:\/\/backtothenet.com\/#organization"},"potentialAction":[{"@type":"SearchAction","target":{"@type":"EntryPoint","urlTemplate":"https:\/\/backtothenet.com\/?s={search_term_string}"},"query-input":{"@type":"PropertyValueSpecification","valueRequired":true,"valueName":"search_term_string"}}],"inLanguage":"es"},{"@type":"Organization","@id":"https:\/\/backtothenet.com\/#organization","name":"Back to the net","url":"https:\/\/backtothenet.com\/","logo":{"@type":"ImageObject","inLanguage":"es","@id":"https:\/\/backtothenet.com\/#\/schema\/logo\/image\/","url":"https:\/\/backtothenet.com\/wp-content\/uploads\/2023\/11\/085FEDB6-C582-424B-B077-5DC7FEF37A07.png","contentUrl":"https:\/\/backtothenet.com\/wp-content\/uploads\/2023\/11\/085FEDB6-C582-424B-B077-5DC7FEF37A07.png","width":823,"height":303,"caption":"Back to the net"},"image":{"@id":"https:\/\/backtothenet.com\/#\/schema\/logo\/image\/"},"sameAs":["https:\/\/instagram.com\/backtothenet_"]},{"@type":"Person","@id":"https:\/\/backtothenet.com\/#\/schema\/person\/0e3c6af349189ff7499496ac61bd2273","name":"backtothenet.com","image":{"@type":"ImageObject","inLanguage":"es","@id":"https:\/\/backtothenet.com\/#\/schema\/person\/image\/","url":"https:\/\/secure.gravatar.com\/avatar\/92777103804f08c9b3637b39bc31ca5bdbdcce19244c5f04dcd7beea6a72dfbf?s=96&d=mm&r=g","contentUrl":"https:\/\/secure.gravatar.com\/avatar\/92777103804f08c9b3637b39bc31ca5bdbdcce19244c5f04dcd7beea6a72dfbf?s=96&d=mm&r=g","caption":"backtothenet.com"},"sameAs":["http:\/\/backtothenet.com"],"url":"https:\/\/backtothenet.com\/index.php\/author\/backtothenet-com\/"}]}},"_links":{"self":[{"href":"https:\/\/backtothenet.com\/index.php\/wp-json\/wp\/v2\/posts\/1087","targetHints":{"allow":["GET"]}}],"collection":[{"href":"https:\/\/backtothenet.com\/index.php\/wp-json\/wp\/v2\/posts"}],"about":[{"href":"https:\/\/backtothenet.com\/index.php\/wp-json\/wp\/v2\/types\/post"}],"author":[{"embeddable":true,"href":"https:\/\/backtothenet.com\/index.php\/wp-json\/wp\/v2\/users\/1"}],"replies":[{"embeddable":true,"href":"https:\/\/backtothenet.com\/index.php\/wp-json\/wp\/v2\/comments?post=1087"}],"version-history":[{"count":5,"href":"https:\/\/backtothenet.com\/index.php\/wp-json\/wp\/v2\/posts\/1087\/revisions"}],"predecessor-version":[{"id":1108,"href":"https:\/\/backtothenet.com\/index.php\/wp-json\/wp\/v2\/posts\/1087\/revisions\/1108"}],"wp:featuredmedia":[{"embeddable":true,"href":"https:\/\/backtothenet.com\/index.php\/wp-json\/wp\/v2\/media\/1092"}],"wp:attachment":[{"href":"https:\/\/backtothenet.com\/index.php\/wp-json\/wp\/v2\/media?parent=1087"}],"wp:term":[{"taxonomy":"category","embeddable":true,"href":"https:\/\/backtothenet.com\/index.php\/wp-json\/wp\/v2\/categories?post=1087"},{"taxonomy":"post_tag","embeddable":true,"href":"https:\/\/backtothenet.com\/index.php\/wp-json\/wp\/v2\/tags?post=1087"}],"curies":[{"name":"wp","href":"https:\/\/api.w.org\/{rel}","templated":true}]}}