{"id":736,"date":"2025-02-23T15:04:43","date_gmt":"2025-02-23T14:04:43","guid":{"rendered":"https:\/\/backtothenet.com\/?p=736"},"modified":"2025-02-23T15:04:44","modified_gmt":"2025-02-23T14:04:44","slug":"octavos-de-europa-y-conference-league","status":"publish","type":"post","link":"https:\/\/backtothenet.com\/index.php\/2025\/02\/23\/octavos-de-europa-y-conference-league\/","title":{"rendered":"Octavos de Europa y Conference League"},"content":{"rendered":"\n\n<div class=\"kk-star-ratings kksr-auto kksr-align-left kksr-valign-top\"\n    data-payload='{&quot;align&quot;:&quot;left&quot;,&quot;id&quot;:&quot;736&quot;,&quot;slug&quot;:&quot;default&quot;,&quot;valign&quot;:&quot;top&quot;,&quot;ignore&quot;:&quot;&quot;,&quot;reference&quot;:&quot;auto&quot;,&quot;class&quot;:&quot;&quot;,&quot;count&quot;:&quot;1&quot;,&quot;legendonly&quot;:&quot;&quot;,&quot;readonly&quot;:&quot;&quot;,&quot;score&quot;:&quot;1&quot;,&quot;starsonly&quot;:&quot;&quot;,&quot;best&quot;:&quot;5&quot;,&quot;gap&quot;:&quot;5&quot;,&quot;greet&quot;:&quot;Rate this post&quot;,&quot;legend&quot;:&quot;1\\\/5 - (1 voto)&quot;,&quot;size&quot;:&quot;24&quot;,&quot;title&quot;:&quot;Octavos de Europa y Conference League&quot;,&quot;width&quot;:&quot;26.5&quot;,&quot;_legend&quot;:&quot;{score}\\\/{best} - ({count} {votes})&quot;,&quot;font_factor&quot;:&quot;1.25&quot;}'>\n            \n<div class=\"kksr-stars\">\n    \n<div class=\"kksr-stars-inactive\">\n            <div class=\"kksr-star\" data-star=\"1\" style=\"padding-right: 5px\">\n            \n\n<div class=\"kksr-icon\" style=\"width: 24px; height: 24px;\"><\/div>\n        <\/div>\n            <div class=\"kksr-star\" data-star=\"2\" style=\"padding-right: 5px\">\n            \n\n<div class=\"kksr-icon\" style=\"width: 24px; height: 24px;\"><\/div>\n        <\/div>\n            <div class=\"kksr-star\" data-star=\"3\" style=\"padding-right: 5px\">\n            \n\n<div class=\"kksr-icon\" style=\"width: 24px; height: 24px;\"><\/div>\n        <\/div>\n            <div class=\"kksr-star\" data-star=\"4\" style=\"padding-right: 5px\">\n            \n\n<div class=\"kksr-icon\" style=\"width: 24px; height: 24px;\"><\/div>\n        <\/div>\n            <div class=\"kksr-star\" data-star=\"5\" style=\"padding-right: 5px\">\n            \n\n<div class=\"kksr-icon\" style=\"width: 24px; height: 24px;\"><\/div>\n        <\/div>\n    <\/div>\n    \n<div class=\"kksr-stars-active\" style=\"width: 26.5px;\">\n            <div class=\"kksr-star\" style=\"padding-right: 5px\">\n            \n\n<div class=\"kksr-icon\" style=\"width: 24px; height: 24px;\"><\/div>\n        <\/div>\n            <div class=\"kksr-star\" style=\"padding-right: 5px\">\n            \n\n<div class=\"kksr-icon\" style=\"width: 24px; height: 24px;\"><\/div>\n        <\/div>\n            <div class=\"kksr-star\" style=\"padding-right: 5px\">\n            \n\n<div class=\"kksr-icon\" style=\"width: 24px; height: 24px;\"><\/div>\n        <\/div>\n            <div class=\"kksr-star\" style=\"padding-right: 5px\">\n            \n\n<div class=\"kksr-icon\" style=\"width: 24px; height: 24px;\"><\/div>\n        <\/div>\n            <div class=\"kksr-star\" style=\"padding-right: 5px\">\n            \n\n<div class=\"kksr-icon\" style=\"width: 24px; height: 24px;\"><\/div>\n        <\/div>\n    <\/div>\n<\/div>\n                \n\n<div class=\"kksr-legend\" style=\"font-size: 19.2px;\">\n            1\/5 - (1 voto)    <\/div>\n    <\/div>\n\n<p>El viernes 21 de febrero de 2025, en la sede de la UEFA en Nyon, Suiza, se llevaron a cabo los sorteos de los octavos de final de la UEFA Europa League y la UEFA Conference League para la temporada 2024\/2025.<\/p>\n\n\n\n<p> Estos emparejamientos prometen encuentros emocionantes y desaf\u00edos significativos para los clubes participantes. A continuaci\u00f3n, se detallan los enfrentamientos y las expectativas para cada competici\u00f3n.<\/p>\n\n\n\n<h2 class=\"wp-block-heading\">UEFA Europa League: Emparejamientos de octavos de final<\/h2>\n\n\n\n<figure class=\"wp-block-image size-large\"><img fetchpriority=\"high\" decoding=\"async\" width=\"1024\" height=\"576\" src=\"https:\/\/backtothenet.com\/wp-content\/uploads\/2025\/02\/ACQBT4UU4ZP73CJCKRCUYUGUJA-1024x576.jpg\" alt=\"\" class=\"wp-image-738\" srcset=\"https:\/\/backtothenet.com\/wp-content\/uploads\/2025\/02\/ACQBT4UU4ZP73CJCKRCUYUGUJA-1024x576.jpg 1024w, https:\/\/backtothenet.com\/wp-content\/uploads\/2025\/02\/ACQBT4UU4ZP73CJCKRCUYUGUJA-300x169.jpg 300w, https:\/\/backtothenet.com\/wp-content\/uploads\/2025\/02\/ACQBT4UU4ZP73CJCKRCUYUGUJA-768x432.jpg 768w, https:\/\/backtothenet.com\/wp-content\/uploads\/2025\/02\/ACQBT4UU4ZP73CJCKRCUYUGUJA.jpg 1472w\" sizes=\"(max-width: 1024px) 100vw, 1024px\" \/><\/figure>\n\n\n\n<p><strong>1. AZ Alkmaar vs. Tottenham Hotspur<\/strong><\/p>\n\n\n\n<p>El conjunto neerland\u00e9s se enfrentar\u00e1 al equipo londinense en una eliminatoria que promete intensidad y calidad futbol\u00edstica.<\/p>\n\n\n\n<p><strong>2. Viktoria Plzen vs. Lazio<\/strong><\/p>\n\n\n\n<p>El club checo buscar\u00e1 sorprender a la escuadra italiana en una serie que se anticipa disputada.<\/p>\n\n\n\n<p><strong>3. Bod\u00f8\/Glimt vs. Olympiacos<\/strong><\/p>\n\n\n\n<p>El equipo noruego se medir\u00e1 ante el hist\u00f3rico club griego, en un duelo que destaca por el contraste de estilos de juego.<\/p>\n\n\n\n<p><strong>4. Ajax vs. Eintracht Frankfurt<\/strong><\/p>\n\n\n\n<p>Dos equipos con tradici\u00f3n europea se enfrentar\u00e1n en una eliminatoria que promete ser de alto nivel competitivo.<\/p>\n\n\n\n<p><strong>5. Real Sociedad vs. Manchester United<\/strong><\/p>\n\n\n\n<p>El conjunto espa\u00f1ol se medir\u00e1 ante los &#8216;Red Devils&#8217; en uno de los cruces m\u00e1s atractivos de esta fase.<\/p>\n\n\n\n<p><strong>6. FCSB vs. Olympique de Lyon<\/strong><\/p>\n\n\n\n<p>El club rumano buscar\u00e1 imponerse al equipo franc\u00e9s en una serie que podr\u00eda deparar sorpresas.<\/p>\n\n\n\n<p><strong>7. Athletic Club vs. AS Roma<\/strong><\/p>\n\n\n\n<p>El equipo bilba\u00edno se enfrentar\u00e1 a la escuadra romana en una eliminatoria que promete emociones fuertes.<\/p>\n\n\n\n<p><strong>8. Fenerbah\u00e7e vs. Rangers<\/strong><\/p>\n\n\n\n<p>El conjunto turco se medir\u00e1 ante el club escoc\u00e9s en una serie que se anticipa muy equilibrada.<\/p>\n\n\n\n<p>Los partidos de ida est\u00e1n programados para el jueves 6 de marzo, mientras que los encuentros de vuelta se disputar\u00e1n el jueves 13 de marzo de 2025. Los aficionados pueden esperar duelos apasionantes que definir\u00e1n qu\u00e9 equipos avanzar\u00e1n a los cuartos de final.<\/p>\n\n\n\n<h2 class=\"wp-block-heading\">UEFA Conference League: Emparejamientos de octavos de final<\/h2>\n\n\n\n<figure class=\"wp-block-image size-large\"><img decoding=\"async\" width=\"1024\" height=\"576\" src=\"https:\/\/backtothenet.com\/wp-content\/uploads\/2025\/02\/The-UEFA-Europa-Conference-League-1024x576.png\" alt=\"\" class=\"wp-image-737\" srcset=\"https:\/\/backtothenet.com\/wp-content\/uploads\/2025\/02\/The-UEFA-Europa-Conference-League-1024x576.png 1024w, https:\/\/backtothenet.com\/wp-content\/uploads\/2025\/02\/The-UEFA-Europa-Conference-League-300x169.png 300w, https:\/\/backtothenet.com\/wp-content\/uploads\/2025\/02\/The-UEFA-Europa-Conference-League-768x432.png 768w, https:\/\/backtothenet.com\/wp-content\/uploads\/2025\/02\/The-UEFA-Europa-Conference-League-1536x864.png 1536w, https:\/\/backtothenet.com\/wp-content\/uploads\/2025\/02\/The-UEFA-Europa-Conference-League.png 1920w\" sizes=\"(max-width: 1024px) 100vw, 1024px\" \/><\/figure>\n\n\n\n<p><strong>1. Real Betis vs. Vit\u00f3ria Guimar\u00e3es<\/strong><\/p>\n\n\n\n<p>El conjunto b\u00e9tico se enfrentar\u00e1 al equipo portugu\u00e9s, evitando as\u00ed a rivales de mayor entidad en esta fase. <\/p>\n\n\n\n<p><strong>2. Chelsea FC vs. Pafos FC<\/strong><\/p>\n\n\n\n<p>El club londinense se medir\u00e1 ante el equipo chipriota en una eliminatoria donde parte como favorito.<\/p>\n\n\n\n<p><strong>3. Fiorentina vs. Celje<\/strong><\/p>\n\n\n\n<p>El conjunto italiano buscar\u00e1 imponerse al equipo esloveno para avanzar en la competici\u00f3n.<\/p>\n\n\n\n<p><strong>4. Partizan vs. Slovan Bratislava<\/strong><\/p>\n\n\n\n<p>Un duelo entre equipos de Europa del Este que promete ser muy disputado.<\/p>\n\n\n\n<p><strong>5. Anderlecht vs. Maccabi Tel Aviv<\/strong><\/p>\n\n\n\n<p>El hist\u00f3rico club belga se enfrentar\u00e1 al conjunto israel\u00ed en una serie que se anticipa equilibrada.<\/p>\n\n\n\n<p><strong>6. Basel vs. Aberdeen<\/strong><\/p>\n\n\n\n<p>El equipo suizo buscar\u00e1 hacer valer su experiencia europea ante el conjunto escoc\u00e9s.<\/p>\n\n\n\n<p><strong>7. Standard de Li\u00e8ge vs. Rosenborg<\/strong><\/p>\n\n\n\n<p>El club belga se medir\u00e1 ante el equipo noruego en una eliminatoria que podr\u00eda deparar sorpresas.<\/p>\n\n\n\n<p><strong>8. PAOK vs. Sparta Praga<\/strong><\/p>\n\n\n\n<p>El conjunto griego se enfrentar\u00e1 al equipo checo en una serie que promete intensidad y emoci\u00f3n. Los encuentros de ida de los octavos de final de la Conference League est\u00e1n programados para el jueves 6 de marzo, con los partidos de vuelta previstos para el jueves 13 de marzo de 2025. Los equipos buscar\u00e1n aprovechar sus oportunidades para avanzar en esta competici\u00f3n europea y acercarse al ansiado t\u00edtulo.<\/p>\n\n\n\n<p>Estos sorteos han configurado enfrentamientos que, sin duda, ofrecer\u00e1n espect\u00e1culo y emoci\u00f3n a los aficionados al f\u00fatbol en todo el continente. La expectativa crece a medida que se acercan las fechas de estos apasionantes duelos europeos.<\/p>\n\n\n\n<p><\/p>\n","protected":false},"excerpt":{"rendered":"<p>El viernes 21 de febrero de 2025, en la sede de la UEFA en Nyon, Suiza, se llevaron a cabo&hellip;<\/p>\n","protected":false},"author":1,"featured_media":740,"comment_status":"open","ping_status":"open","sticky":false,"template":"","format":"standard","meta":{"footnotes":""},"categories":[7,1],"tags":[],"class_list":["post-736","post","type-post","status-publish","format-standard","has-post-thumbnail","hentry","category-champions-league","category-futbol"],"yoast_head":"<!-- This site is optimized with the Yoast SEO plugin v26.0 - https:\/\/yoast.com\/wordpress\/plugins\/seo\/ -->\n<title>Octavos de Europa y Conference League -<\/title>\n<meta name=\"robots\" content=\"index, follow, max-snippet:-1, max-image-preview:large, max-video-preview:-1\" \/>\n<link rel=\"canonical\" href=\"https:\/\/backtothenet.com\/index.php\/2025\/02\/23\/octavos-de-europa-y-conference-league\/\" \/>\n<meta property=\"og:locale\" content=\"es_ES\" \/>\n<meta property=\"og:type\" content=\"article\" \/>\n<meta property=\"og:title\" content=\"Octavos de Europa y Conference League -\" \/>\n<meta property=\"og:description\" content=\"El viernes 21 de febrero de 2025, en la sede de la UEFA en Nyon, Suiza, se llevaron a cabo&hellip;\" \/>\n<meta property=\"og:url\" content=\"https:\/\/backtothenet.com\/index.php\/2025\/02\/23\/octavos-de-europa-y-conference-league\/\" \/>\n<meta property=\"article:published_time\" content=\"2025-02-23T14:04:43+00:00\" \/>\n<meta property=\"article:modified_time\" content=\"2025-02-23T14:04:44+00:00\" \/>\n<meta property=\"og:image\" content=\"https:\/\/backtothenet.com\/wp-content\/uploads\/2025\/02\/16499412063559.jpg\" \/>\n\t<meta property=\"og:image:width\" content=\"1980\" \/>\n\t<meta property=\"og:image:height\" content=\"1114\" \/>\n\t<meta property=\"og:image:type\" content=\"image\/jpeg\" \/>\n<meta name=\"author\" content=\"backtothenet.com\" \/>\n<meta name=\"twitter:card\" content=\"summary_large_image\" \/>\n<meta name=\"twitter:label1\" content=\"Escrito por\" \/>\n\t<meta name=\"twitter:data1\" content=\"backtothenet.com\" \/>\n\t<meta name=\"twitter:label2\" content=\"Tiempo de lectura\" \/>\n\t<meta name=\"twitter:data2\" content=\"3 minutos\" \/>\n<script type=\"application\/ld+json\" class=\"yoast-schema-graph\">{\"@context\":\"https:\/\/schema.org\",\"@graph\":[{\"@type\":\"Article\",\"@id\":\"https:\/\/backtothenet.com\/index.php\/2025\/02\/23\/octavos-de-europa-y-conference-league\/#article\",\"isPartOf\":{\"@id\":\"https:\/\/backtothenet.com\/index.php\/2025\/02\/23\/octavos-de-europa-y-conference-league\/\"},\"author\":{\"name\":\"backtothenet.com\",\"@id\":\"https:\/\/backtothenet.com\/#\/schema\/person\/0e3c6af349189ff7499496ac61bd2273\"},\"headline\":\"Octavos de Europa y Conference League\",\"datePublished\":\"2025-02-23T14:04:43+00:00\",\"dateModified\":\"2025-02-23T14:04:44+00:00\",\"mainEntityOfPage\":{\"@id\":\"https:\/\/backtothenet.com\/index.php\/2025\/02\/23\/octavos-de-europa-y-conference-league\/\"},\"wordCount\":575,\"commentCount\":0,\"publisher\":{\"@id\":\"https:\/\/backtothenet.com\/#organization\"},\"image\":{\"@id\":\"https:\/\/backtothenet.com\/index.php\/2025\/02\/23\/octavos-de-europa-y-conference-league\/#primaryimage\"},\"thumbnailUrl\":\"https:\/\/backtothenet.com\/wp-content\/uploads\/2025\/02\/16499412063559.jpg\",\"articleSection\":[\"Champions League\",\"F\u00fatbol\"],\"inLanguage\":\"es\",\"potentialAction\":[{\"@type\":\"CommentAction\",\"name\":\"Comment\",\"target\":[\"https:\/\/backtothenet.com\/index.php\/2025\/02\/23\/octavos-de-europa-y-conference-league\/#respond\"]}]},{\"@type\":\"WebPage\",\"@id\":\"https:\/\/backtothenet.com\/index.php\/2025\/02\/23\/octavos-de-europa-y-conference-league\/\",\"url\":\"https:\/\/backtothenet.com\/index.php\/2025\/02\/23\/octavos-de-europa-y-conference-league\/\",\"name\":\"Octavos de Europa y Conference League -\",\"isPartOf\":{\"@id\":\"https:\/\/backtothenet.com\/#website\"},\"primaryImageOfPage\":{\"@id\":\"https:\/\/backtothenet.com\/index.php\/2025\/02\/23\/octavos-de-europa-y-conference-league\/#primaryimage\"},\"image\":{\"@id\":\"https:\/\/backtothenet.com\/index.php\/2025\/02\/23\/octavos-de-europa-y-conference-league\/#primaryimage\"},\"thumbnailUrl\":\"https:\/\/backtothenet.com\/wp-content\/uploads\/2025\/02\/16499412063559.jpg\",\"datePublished\":\"2025-02-23T14:04:43+00:00\",\"dateModified\":\"2025-02-23T14:04:44+00:00\",\"breadcrumb\":{\"@id\":\"https:\/\/backtothenet.com\/index.php\/2025\/02\/23\/octavos-de-europa-y-conference-league\/#breadcrumb\"},\"inLanguage\":\"es\",\"potentialAction\":[{\"@type\":\"ReadAction\",\"target\":[\"https:\/\/backtothenet.com\/index.php\/2025\/02\/23\/octavos-de-europa-y-conference-league\/\"]}]},{\"@type\":\"ImageObject\",\"inLanguage\":\"es\",\"@id\":\"https:\/\/backtothenet.com\/index.php\/2025\/02\/23\/octavos-de-europa-y-conference-league\/#primaryimage\",\"url\":\"https:\/\/backtothenet.com\/wp-content\/uploads\/2025\/02\/16499412063559.jpg\",\"contentUrl\":\"https:\/\/backtothenet.com\/wp-content\/uploads\/2025\/02\/16499412063559.jpg\",\"width\":1980,\"height\":1114},{\"@type\":\"BreadcrumbList\",\"@id\":\"https:\/\/backtothenet.com\/index.php\/2025\/02\/23\/octavos-de-europa-y-conference-league\/#breadcrumb\",\"itemListElement\":[{\"@type\":\"ListItem\",\"position\":1,\"name\":\"Portada\",\"item\":\"https:\/\/backtothenet.com\/\"},{\"@type\":\"ListItem\",\"position\":2,\"name\":\"Octavos de Europa y Conference League\"}]},{\"@type\":\"WebSite\",\"@id\":\"https:\/\/backtothenet.com\/#website\",\"url\":\"https:\/\/backtothenet.com\/\",\"name\":\"Back to the net\",\"description\":\"Back to the Net es un sitio web deportivo que ofrece noticias, an\u00e1lisis y entrevistas sobre f\u00fatbol y automovilismo, con un enfoque fresco y cercano desde la perspectiva de la grada.\",\"publisher\":{\"@id\":\"https:\/\/backtothenet.com\/#organization\"},\"potentialAction\":[{\"@type\":\"SearchAction\",\"target\":{\"@type\":\"EntryPoint\",\"urlTemplate\":\"https:\/\/backtothenet.com\/?s={search_term_string}\"},\"query-input\":{\"@type\":\"PropertyValueSpecification\",\"valueRequired\":true,\"valueName\":\"search_term_string\"}}],\"inLanguage\":\"es\"},{\"@type\":\"Organization\",\"@id\":\"https:\/\/backtothenet.com\/#organization\",\"name\":\"Back to the net\",\"url\":\"https:\/\/backtothenet.com\/\",\"logo\":{\"@type\":\"ImageObject\",\"inLanguage\":\"es\",\"@id\":\"https:\/\/backtothenet.com\/#\/schema\/logo\/image\/\",\"url\":\"https:\/\/backtothenet.com\/wp-content\/uploads\/2023\/11\/085FEDB6-C582-424B-B077-5DC7FEF37A07.png\",\"contentUrl\":\"https:\/\/backtothenet.com\/wp-content\/uploads\/2023\/11\/085FEDB6-C582-424B-B077-5DC7FEF37A07.png\",\"width\":823,\"height\":303,\"caption\":\"Back to the net\"},\"image\":{\"@id\":\"https:\/\/backtothenet.com\/#\/schema\/logo\/image\/\"},\"sameAs\":[\"https:\/\/instagram.com\/backtothenet_\"]},{\"@type\":\"Person\",\"@id\":\"https:\/\/backtothenet.com\/#\/schema\/person\/0e3c6af349189ff7499496ac61bd2273\",\"name\":\"backtothenet.com\",\"image\":{\"@type\":\"ImageObject\",\"inLanguage\":\"es\",\"@id\":\"https:\/\/backtothenet.com\/#\/schema\/person\/image\/\",\"url\":\"https:\/\/secure.gravatar.com\/avatar\/92777103804f08c9b3637b39bc31ca5bdbdcce19244c5f04dcd7beea6a72dfbf?s=96&d=mm&r=g\",\"contentUrl\":\"https:\/\/secure.gravatar.com\/avatar\/92777103804f08c9b3637b39bc31ca5bdbdcce19244c5f04dcd7beea6a72dfbf?s=96&d=mm&r=g\",\"caption\":\"backtothenet.com\"},\"sameAs\":[\"http:\/\/backtothenet.com\"],\"url\":\"https:\/\/backtothenet.com\/index.php\/author\/backtothenet-com\/\"}]}<\/script>\n<!-- \/ Yoast SEO plugin. -->","yoast_head_json":{"title":"Octavos de Europa y Conference League -","robots":{"index":"index","follow":"follow","max-snippet":"max-snippet:-1","max-image-preview":"max-image-preview:large","max-video-preview":"max-video-preview:-1"},"canonical":"https:\/\/backtothenet.com\/index.php\/2025\/02\/23\/octavos-de-europa-y-conference-league\/","og_locale":"es_ES","og_type":"article","og_title":"Octavos de Europa y Conference League -","og_description":"El viernes 21 de febrero de 2025, en la sede de la UEFA en Nyon, Suiza, se llevaron a cabo&hellip;","og_url":"https:\/\/backtothenet.com\/index.php\/2025\/02\/23\/octavos-de-europa-y-conference-league\/","article_published_time":"2025-02-23T14:04:43+00:00","article_modified_time":"2025-02-23T14:04:44+00:00","og_image":[{"width":1980,"height":1114,"url":"https:\/\/backtothenet.com\/wp-content\/uploads\/2025\/02\/16499412063559.jpg","type":"image\/jpeg"}],"author":"backtothenet.com","twitter_card":"summary_large_image","twitter_misc":{"Escrito por":"backtothenet.com","Tiempo de lectura":"3 minutos"},"schema":{"@context":"https:\/\/schema.org","@graph":[{"@type":"Article","@id":"https:\/\/backtothenet.com\/index.php\/2025\/02\/23\/octavos-de-europa-y-conference-league\/#article","isPartOf":{"@id":"https:\/\/backtothenet.com\/index.php\/2025\/02\/23\/octavos-de-europa-y-conference-league\/"},"author":{"name":"backtothenet.com","@id":"https:\/\/backtothenet.com\/#\/schema\/person\/0e3c6af349189ff7499496ac61bd2273"},"headline":"Octavos de Europa y Conference League","datePublished":"2025-02-23T14:04:43+00:00","dateModified":"2025-02-23T14:04:44+00:00","mainEntityOfPage":{"@id":"https:\/\/backtothenet.com\/index.php\/2025\/02\/23\/octavos-de-europa-y-conference-league\/"},"wordCount":575,"commentCount":0,"publisher":{"@id":"https:\/\/backtothenet.com\/#organization"},"image":{"@id":"https:\/\/backtothenet.com\/index.php\/2025\/02\/23\/octavos-de-europa-y-conference-league\/#primaryimage"},"thumbnailUrl":"https:\/\/backtothenet.com\/wp-content\/uploads\/2025\/02\/16499412063559.jpg","articleSection":["Champions League","F\u00fatbol"],"inLanguage":"es","potentialAction":[{"@type":"CommentAction","name":"Comment","target":["https:\/\/backtothenet.com\/index.php\/2025\/02\/23\/octavos-de-europa-y-conference-league\/#respond"]}]},{"@type":"WebPage","@id":"https:\/\/backtothenet.com\/index.php\/2025\/02\/23\/octavos-de-europa-y-conference-league\/","url":"https:\/\/backtothenet.com\/index.php\/2025\/02\/23\/octavos-de-europa-y-conference-league\/","name":"Octavos de Europa y Conference League -","isPartOf":{"@id":"https:\/\/backtothenet.com\/#website"},"primaryImageOfPage":{"@id":"https:\/\/backtothenet.com\/index.php\/2025\/02\/23\/octavos-de-europa-y-conference-league\/#primaryimage"},"image":{"@id":"https:\/\/backtothenet.com\/index.php\/2025\/02\/23\/octavos-de-europa-y-conference-league\/#primaryimage"},"thumbnailUrl":"https:\/\/backtothenet.com\/wp-content\/uploads\/2025\/02\/16499412063559.jpg","datePublished":"2025-02-23T14:04:43+00:00","dateModified":"2025-02-23T14:04:44+00:00","breadcrumb":{"@id":"https:\/\/backtothenet.com\/index.php\/2025\/02\/23\/octavos-de-europa-y-conference-league\/#breadcrumb"},"inLanguage":"es","potentialAction":[{"@type":"ReadAction","target":["https:\/\/backtothenet.com\/index.php\/2025\/02\/23\/octavos-de-europa-y-conference-league\/"]}]},{"@type":"ImageObject","inLanguage":"es","@id":"https:\/\/backtothenet.com\/index.php\/2025\/02\/23\/octavos-de-europa-y-conference-league\/#primaryimage","url":"https:\/\/backtothenet.com\/wp-content\/uploads\/2025\/02\/16499412063559.jpg","contentUrl":"https:\/\/backtothenet.com\/wp-content\/uploads\/2025\/02\/16499412063559.jpg","width":1980,"height":1114},{"@type":"BreadcrumbList","@id":"https:\/\/backtothenet.com\/index.php\/2025\/02\/23\/octavos-de-europa-y-conference-league\/#breadcrumb","itemListElement":[{"@type":"ListItem","position":1,"name":"Portada","item":"https:\/\/backtothenet.com\/"},{"@type":"ListItem","position":2,"name":"Octavos de Europa y Conference League"}]},{"@type":"WebSite","@id":"https:\/\/backtothenet.com\/#website","url":"https:\/\/backtothenet.com\/","name":"Back to the net","description":"Back to the Net es un sitio web deportivo que ofrece noticias, an\u00e1lisis y entrevistas sobre f\u00fatbol y automovilismo, con un enfoque fresco y cercano desde la perspectiva de la grada.","publisher":{"@id":"https:\/\/backtothenet.com\/#organization"},"potentialAction":[{"@type":"SearchAction","target":{"@type":"EntryPoint","urlTemplate":"https:\/\/backtothenet.com\/?s={search_term_string}"},"query-input":{"@type":"PropertyValueSpecification","valueRequired":true,"valueName":"search_term_string"}}],"inLanguage":"es"},{"@type":"Organization","@id":"https:\/\/backtothenet.com\/#organization","name":"Back to the net","url":"https:\/\/backtothenet.com\/","logo":{"@type":"ImageObject","inLanguage":"es","@id":"https:\/\/backtothenet.com\/#\/schema\/logo\/image\/","url":"https:\/\/backtothenet.com\/wp-content\/uploads\/2023\/11\/085FEDB6-C582-424B-B077-5DC7FEF37A07.png","contentUrl":"https:\/\/backtothenet.com\/wp-content\/uploads\/2023\/11\/085FEDB6-C582-424B-B077-5DC7FEF37A07.png","width":823,"height":303,"caption":"Back to the net"},"image":{"@id":"https:\/\/backtothenet.com\/#\/schema\/logo\/image\/"},"sameAs":["https:\/\/instagram.com\/backtothenet_"]},{"@type":"Person","@id":"https:\/\/backtothenet.com\/#\/schema\/person\/0e3c6af349189ff7499496ac61bd2273","name":"backtothenet.com","image":{"@type":"ImageObject","inLanguage":"es","@id":"https:\/\/backtothenet.com\/#\/schema\/person\/image\/","url":"https:\/\/secure.gravatar.com\/avatar\/92777103804f08c9b3637b39bc31ca5bdbdcce19244c5f04dcd7beea6a72dfbf?s=96&d=mm&r=g","contentUrl":"https:\/\/secure.gravatar.com\/avatar\/92777103804f08c9b3637b39bc31ca5bdbdcce19244c5f04dcd7beea6a72dfbf?s=96&d=mm&r=g","caption":"backtothenet.com"},"sameAs":["http:\/\/backtothenet.com"],"url":"https:\/\/backtothenet.com\/index.php\/author\/backtothenet-com\/"}]}},"_links":{"self":[{"href":"https:\/\/backtothenet.com\/index.php\/wp-json\/wp\/v2\/posts\/736","targetHints":{"allow":["GET"]}}],"collection":[{"href":"https:\/\/backtothenet.com\/index.php\/wp-json\/wp\/v2\/posts"}],"about":[{"href":"https:\/\/backtothenet.com\/index.php\/wp-json\/wp\/v2\/types\/post"}],"author":[{"embeddable":true,"href":"https:\/\/backtothenet.com\/index.php\/wp-json\/wp\/v2\/users\/1"}],"replies":[{"embeddable":true,"href":"https:\/\/backtothenet.com\/index.php\/wp-json\/wp\/v2\/comments?post=736"}],"version-history":[{"count":1,"href":"https:\/\/backtothenet.com\/index.php\/wp-json\/wp\/v2\/posts\/736\/revisions"}],"predecessor-version":[{"id":739,"href":"https:\/\/backtothenet.com\/index.php\/wp-json\/wp\/v2\/posts\/736\/revisions\/739"}],"wp:featuredmedia":[{"embeddable":true,"href":"https:\/\/backtothenet.com\/index.php\/wp-json\/wp\/v2\/media\/740"}],"wp:attachment":[{"href":"https:\/\/backtothenet.com\/index.php\/wp-json\/wp\/v2\/media?parent=736"}],"wp:term":[{"taxonomy":"category","embeddable":true,"href":"https:\/\/backtothenet.com\/index.php\/wp-json\/wp\/v2\/categories?post=736"},{"taxonomy":"post_tag","embeddable":true,"href":"https:\/\/backtothenet.com\/index.php\/wp-json\/wp\/v2\/tags?post=736"}],"curies":[{"name":"wp","href":"https:\/\/api.w.org\/{rel}","templated":true}]}}